{"id":14195,"date":"2023-09-01T01:40:12","date_gmt":"2023-09-01T01:40:12","guid":{"rendered":"https:\/\/projectofthemonth.ca\/non-classifiee\/renovations\/"},"modified":"2023-08-08T18:36:42","modified_gmt":"2023-08-08T18:36:42","slug":"changement-de-fenetres-et-de-portes","status":"publish","type":"post","link":"https:\/\/projectofthemonth.ca\/fr\/projets-de-portes-et-fenetres\/changement-de-fenetres-et-de-portes\/","title":{"rendered":"Changement de fen\u00eatres et de portes"},"content":{"rendered":"<p>Il existe de nombreuses bonnes raisons de r\u00e9nover vos portes et fen\u00eatres ext\u00e9rieures, et la plupart d\u2019entre elles sont li\u00e9es \u00e0 la technologie moderne. Les portes et fen\u00eatres d\u2019aujourd\u2019hui sont con\u00e7ues pour \u00eatre plus efficaces sur le plan \u00e9nerg\u00e9tique, plus silencieuses et plus s\u00e9curitaires. Ces progr\u00e8s sont r\u00e9alis\u00e9s gr\u00e2ce \u00e0 l\u2019am\u00e9lioration des mat\u00e9riaux, des rev\u00eatements de surface, de l\u2019isolation interne et des syst\u00e8mes de verrouillage.<\/p>\n<p>Le remplacement des portes et des fen\u00eatres est une occasion fantastique d\u2019apporter plus de lumi\u00e8re et d\u2019air frais dans votre maison. De nombreux styles de portes comprennent des fen\u00eatres int\u00e9gr\u00e9es plus grandes et sont disponibles avec un ou deux panneaux lat\u00e9raux et parfois une imposte vitr\u00e9e. Une plus grande surface vitr\u00e9e et des cadres plus petits permettent d\u2019apporter plus de lumi\u00e8re et de ventilation. L\u2019entretien est facilit\u00e9 par des fen\u00eatres qui se poussent vers l\u2019int\u00e9rieur pour un nettoyage sans probl\u00e8me. La r\u00e9novation des portes et des fen\u00eatres ajoute \u00e0 la valeur et au cachet de votre maison. Ce projet de r\u00e9novation est l\u2019un des meilleurs retours sur investissement.<\/p>\n<p>TIMBER MART dispose d\u2019un stock de portes et de fen\u00eatres de haute qualit\u00e9 et de marques r\u00e9put\u00e9es qui peuvent transformer compl\u00e8tement l\u2019aspect et la fonctionnalit\u00e9 de votre maison. Notre \u00e9quipe d\u2019experts vous aidera \u00e0 trouver l\u2019ajustement parfait pour vos remplacements de portes et fen\u00eatres sans compromettre le style.<\/p>\n<p><img fetchpriority=\"high\" decoding=\"async\" class=\"aligncenter size-full wp-image-14061\" src=\"https:\/\/projectofthemonth.ca\/wp-content\/uploads\/2023\/08\/Window_Install.jpg\" alt=\"\" width=\"1400\" height=\"700\" srcset=\"https:\/\/projectofthemonth.ca\/wp-content\/uploads\/2023\/08\/Window_Install.jpg 1400w, https:\/\/projectofthemonth.ca\/wp-content\/uploads\/2023\/08\/Window_Install-300x150.jpg 300w, https:\/\/projectofthemonth.ca\/wp-content\/uploads\/2023\/08\/Window_Install-1024x512.jpg 1024w, https:\/\/projectofthemonth.ca\/wp-content\/uploads\/2023\/08\/Window_Install-768x384.jpg 768w\" sizes=\"(max-width: 1400px) 100vw, 1400px\" \/><\/p>\n","protected":false},"excerpt":{"rendered":"<p>Il existe de nombreuses bonnes raisons de r\u00e9nover vos portes et fen\u00eatres ext\u00e9rieures, et la plupart d\u2019entre elles sont li\u00e9es \u00e0 la technologie moderne. Les portes et fen\u00eatres d\u2019aujourd\u2019hui sont con\u00e7ues pour \u00eatre plus efficaces sur le plan \u00e9nerg\u00e9tique, plus silencieuses et plus s\u00e9curitaires. Ces progr\u00e8s sont r\u00e9alis\u00e9s gr\u00e2ce \u00e0 l\u2019am\u00e9lioration des mat\u00e9riaux, des rev\u00eatements &#8230; <a title=\"Changement de fen\u00eatres et de portes\" class=\"read-more\" href=\"https:\/\/projectofthemonth.ca\/fr\/projets-de-portes-et-fenetres\/changement-de-fenetres-et-de-portes\/\" aria-label=\"En savoir plus sur Changement de fen\u00eatres et de portes\">Lire la suite<\/a><\/p>\n","protected":false},"author":2,"featured_media":14190,"comment_status":"closed","ping_status":"closed","sticky":false,"template":"","format":"standard","meta":{"cybocfi_hide_featured_image":"","footnotes":""},"categories":[216],"tags":[],"brand":[],"topics":[],"class_list":["post-14195","post","type-post","status-publish","format-standard","has-post-thumbnail","hentry","category-projets-de-portes-et-fenetres"],"aioseo_notices":[],"_links":{"self":[{"href":"https:\/\/projectofthemonth.ca\/fr\/wp-json\/wp\/v2\/posts\/14195","targetHints":{"allow":["GET"]}}],"collection":[{"href":"https:\/\/projectofthemonth.ca\/fr\/wp-json\/wp\/v2\/posts"}],"about":[{"href":"https:\/\/projectofthemonth.ca\/fr\/wp-json\/wp\/v2\/types\/post"}],"author":[{"embeddable":true,"href":"https:\/\/projectofthemonth.ca\/fr\/wp-json\/wp\/v2\/users\/2"}],"replies":[{"embeddable":true,"href":"https:\/\/projectofthemonth.ca\/fr\/wp-json\/wp\/v2\/comments?post=14195"}],"version-history":[{"count":0,"href":"https:\/\/projectofthemonth.ca\/fr\/wp-json\/wp\/v2\/posts\/14195\/revisions"}],"wp:featuredmedia":[{"embeddable":true,"href":"https:\/\/projectofthemonth.ca\/fr\/wp-json\/wp\/v2\/media\/14190"}],"wp:attachment":[{"href":"https:\/\/projectofthemonth.ca\/fr\/wp-json\/wp\/v2\/media?parent=14195"}],"wp:term":[{"taxonomy":"category","embeddable":true,"href":"https:\/\/projectofthemonth.ca\/fr\/wp-json\/wp\/v2\/categories?post=14195"},{"taxonomy":"post_tag","embeddable":true,"href":"https:\/\/projectofthemonth.ca\/fr\/wp-json\/wp\/v2\/tags?post=14195"},{"taxonomy":"brand","embeddable":true,"href":"https:\/\/projectofthemonth.ca\/fr\/wp-json\/wp\/v2\/brand?post=14195"},{"taxonomy":"topics","embeddable":true,"href":"https:\/\/projectofthemonth.ca\/fr\/wp-json\/wp\/v2\/topics?post=14195"}],"curies":[{"name":"wp","href":"https:\/\/api.w.org\/{rel}","templated":true}]}}