{"id":14202,"date":"2023-09-01T00:50:59","date_gmt":"2023-09-01T00:50:59","guid":{"rendered":"https:\/\/projectofthemonth.ca\/non-classifiee\/combiner-portes-et-fenetres\/"},"modified":"2023-08-08T19:29:40","modified_gmt":"2023-08-08T19:29:40","slug":"comment-agencer-les-portes-et-les-fenetres","status":"publish","type":"post","link":"https:\/\/projectofthemonth.ca\/fr\/projets-de-portes-et-fenetres\/comment-agencer-les-portes-et-les-fenetres\/","title":{"rendered":"Comment agencer les portes et les fen\u00eatres"},"content":{"rendered":"<p>Cet aspect haut de gamme peut \u00eatre obtenu sans co\u00fbt \u00e9lev\u00e9 en associant des portes de taille standard \u00e0 des fen\u00eatres de taille standard.<\/p>\n<p>Vous voudrez peut-\u00eatre que certaines fen\u00eatres soient fixes et ne fonctionnent pas, tandis que d\u2019autres s\u2019ouvrent pour la ventilation. D\u00e9terminez les besoins en ventilation de la pi\u00e8ce et commencez \u00e0 planifier \u00e0 partir de l\u00e0.<\/p>\n<p>Ensuite, renseignez-vous sur les dimensions disponibles en stock pour les portes et les fen\u00eatres que vous avez choisies. Votre magasin TIMBER MART local dispose d\u2019un large assortiment de portes et de fen\u00eatres en stock dans diff\u00e9rentes tailles, et d\u2019autres options sont disponibles sur commande sp\u00e9ciale.<\/p>\n<p>La pr\u00e9cision des mesures est essentielle pour ce projet. Vous pouvez \u00e9galement envisager d\u2019ajouter une grille int\u00e9rieure. Les grilles int\u00e9rieures donnent un aspect classique, tandis que les grilles ext\u00e9rieures sont plus contemporaines. Vous pouvez \u00e9galement m\u00e9langer les deux, comme le montre la photo ci-dessus.<\/p>\n<p>Une fois les portes et les fen\u00eatres install\u00e9es, appliquez des moulures \u00e0 l\u2019ensemble comme s\u2019il s\u2019agissait d\u2019une seule unit\u00e9. Cela permettra d\u2019unifier l\u2019ensemble et de lui donner un aspect haut de gamme et personnalis\u00e9.<\/p>\n<p>Si vous avez des questions ou si vous souhaitez utiliser les services de commande sp\u00e9ciale de TIMBER MART, adressez-vous \u00e0 l\u2019un de nos experts en portes et fen\u00eatres. Laissez-vous guider par nos conseils avis\u00e9s pour choisir les portes et les fen\u00eatres qui conviennent le mieux \u00e0 votre projet.<\/p>\n","protected":false},"excerpt":{"rendered":"<p>Cet aspect haut de gamme peut \u00eatre obtenu sans co\u00fbt \u00e9lev\u00e9 en associant des portes de taille standard \u00e0 des fen\u00eatres de taille standard. Vous voudrez peut-\u00eatre que certaines fen\u00eatres soient fixes et ne fonctionnent pas, tandis que d\u2019autres s\u2019ouvrent pour la ventilation. D\u00e9terminez les besoins en ventilation de la pi\u00e8ce et commencez \u00e0 planifier &#8230; <a title=\"Comment agencer les portes et les fen\u00eatres\" class=\"read-more\" href=\"https:\/\/projectofthemonth.ca\/fr\/projets-de-portes-et-fenetres\/comment-agencer-les-portes-et-les-fenetres\/\" aria-label=\"En savoir plus sur Comment agencer les portes et les fen\u00eatres\">Lire la suite<\/a><\/p>\n","protected":false},"author":2,"featured_media":14124,"comment_status":"closed","ping_status":"closed","sticky":false,"template":"","format":"standard","meta":{"cybocfi_hide_featured_image":"","footnotes":""},"categories":[216],"tags":[],"brand":[],"topics":[],"class_list":["post-14202","post","type-post","status-publish","format-standard","has-post-thumbnail","hentry","category-projets-de-portes-et-fenetres"],"aioseo_notices":[],"_links":{"self":[{"href":"https:\/\/projectofthemonth.ca\/fr\/wp-json\/wp\/v2\/posts\/14202","targetHints":{"allow":["GET"]}}],"collection":[{"href":"https:\/\/projectofthemonth.ca\/fr\/wp-json\/wp\/v2\/posts"}],"about":[{"href":"https:\/\/projectofthemonth.ca\/fr\/wp-json\/wp\/v2\/types\/post"}],"author":[{"embeddable":true,"href":"https:\/\/projectofthemonth.ca\/fr\/wp-json\/wp\/v2\/users\/2"}],"replies":[{"embeddable":true,"href":"https:\/\/projectofthemonth.ca\/fr\/wp-json\/wp\/v2\/comments?post=14202"}],"version-history":[{"count":0,"href":"https:\/\/projectofthemonth.ca\/fr\/wp-json\/wp\/v2\/posts\/14202\/revisions"}],"wp:featuredmedia":[{"embeddable":true,"href":"https:\/\/projectofthemonth.ca\/fr\/wp-json\/wp\/v2\/media\/14124"}],"wp:attachment":[{"href":"https:\/\/projectofthemonth.ca\/fr\/wp-json\/wp\/v2\/media?parent=14202"}],"wp:term":[{"taxonomy":"category","embeddable":true,"href":"https:\/\/projectofthemonth.ca\/fr\/wp-json\/wp\/v2\/categories?post=14202"},{"taxonomy":"post_tag","embeddable":true,"href":"https:\/\/projectofthemonth.ca\/fr\/wp-json\/wp\/v2\/tags?post=14202"},{"taxonomy":"brand","embeddable":true,"href":"https:\/\/projectofthemonth.ca\/fr\/wp-json\/wp\/v2\/brand?post=14202"},{"taxonomy":"topics","embeddable":true,"href":"https:\/\/projectofthemonth.ca\/fr\/wp-json\/wp\/v2\/topics?post=14202"}],"curies":[{"name":"wp","href":"https:\/\/api.w.org\/{rel}","templated":true}]}}