{"id":14206,"date":"2023-09-01T00:20:37","date_gmt":"2023-09-01T00:20:37","guid":{"rendered":"https:\/\/projectofthemonth.ca\/non-classifiee\/bonjour-le-jaune\/"},"modified":"2023-08-10T14:33:25","modified_gmt":"2023-08-10T14:33:25","slug":"couleur-de-la-porte-dentree-bonjour-le-jaune","status":"publish","type":"post","link":"https:\/\/projectofthemonth.ca\/fr\/projets-de-portes-et-fenetres\/couleur-de-la-porte-dentree-bonjour-le-jaune\/","title":{"rendered":"Couleur de la porte d&rsquo;entr\u00e9e : Bonjour le jaune"},"content":{"rendered":"<p>Donnez \u00e0 votre entr\u00e9e une touche invitante et inattendue avec une nouvelle couche de peinture jaune. Le jaune peut aller d\u2019un jaune primaire tr\u00e8s \u00e9nergique \u00e0 un jaune doux comme du beurre, alors d\u00e9terminez votre degr\u00e9 d\u2019audace. Les teintes de jaune, qu\u2019elles soient vives ou douces, rendront votre porte d\u2019entr\u00e9e plus visible, ce qui peut contribuer \u00e0 \u00e9claircir les entr\u00e9es ombrag\u00e9es. Le jaune est connu pour \u00eatre une couleur chaude, mais il peut aussi \u00eatre froid. Plus le jaune se rapproche du vert, plus il devient froid, et plus il se rapproche de l\u2019orange, plus il devient chaud.<\/p>\n<p>Choisissez une nuance de jaune froide ou chaude qui s\u2019harmonise avec les autres \u00e9l\u00e9ments de l\u2019ext\u00e9rieur de votre maison. Pour d\u2019autres id\u00e9es de couleurs et des conseils sur la peinture des portes ext\u00e9rieures, cliquez sur les liens ci-dessous pour obtenir l\u2019inspiration et les conseils des experts en couleurs de Sico.<\/p>\n","protected":false},"excerpt":{"rendered":"<p>Donnez \u00e0 votre entr\u00e9e une touche invitante et inattendue avec une nouvelle couche de peinture jaune. Le jaune peut aller d\u2019un jaune primaire tr\u00e8s \u00e9nergique \u00e0 un jaune doux comme du beurre, alors d\u00e9terminez votre degr\u00e9 d\u2019audace. Les teintes de jaune, qu\u2019elles soient vives ou douces, rendront votre porte d\u2019entr\u00e9e plus visible, ce qui peut &#8230; <a title=\"Couleur de la porte d&rsquo;entr\u00e9e : Bonjour le jaune\" class=\"read-more\" href=\"https:\/\/projectofthemonth.ca\/fr\/projets-de-portes-et-fenetres\/couleur-de-la-porte-dentree-bonjour-le-jaune\/\" aria-label=\"En savoir plus sur Couleur de la porte d&rsquo;entr\u00e9e : Bonjour le jaune\">Lire la suite<\/a><\/p>\n","protected":false},"author":2,"featured_media":14147,"comment_status":"closed","ping_status":"closed","sticky":false,"template":"","format":"standard","meta":{"cybocfi_hide_featured_image":"","footnotes":""},"categories":[216],"tags":[],"brand":[107,106],"topics":[],"class_list":["post-14206","post","type-post","status-publish","format-standard","has-post-thumbnail","hentry","category-projets-de-portes-et-fenetres","brand-ppg-fr","brand-sico-fr"],"aioseo_notices":[],"_links":{"self":[{"href":"https:\/\/projectofthemonth.ca\/fr\/wp-json\/wp\/v2\/posts\/14206","targetHints":{"allow":["GET"]}}],"collection":[{"href":"https:\/\/projectofthemonth.ca\/fr\/wp-json\/wp\/v2\/posts"}],"about":[{"href":"https:\/\/projectofthemonth.ca\/fr\/wp-json\/wp\/v2\/types\/post"}],"author":[{"embeddable":true,"href":"https:\/\/projectofthemonth.ca\/fr\/wp-json\/wp\/v2\/users\/2"}],"replies":[{"embeddable":true,"href":"https:\/\/projectofthemonth.ca\/fr\/wp-json\/wp\/v2\/comments?post=14206"}],"version-history":[{"count":0,"href":"https:\/\/projectofthemonth.ca\/fr\/wp-json\/wp\/v2\/posts\/14206\/revisions"}],"wp:featuredmedia":[{"embeddable":true,"href":"https:\/\/projectofthemonth.ca\/fr\/wp-json\/wp\/v2\/media\/14147"}],"wp:attachment":[{"href":"https:\/\/projectofthemonth.ca\/fr\/wp-json\/wp\/v2\/media?parent=14206"}],"wp:term":[{"taxonomy":"category","embeddable":true,"href":"https:\/\/projectofthemonth.ca\/fr\/wp-json\/wp\/v2\/categories?post=14206"},{"taxonomy":"post_tag","embeddable":true,"href":"https:\/\/projectofthemonth.ca\/fr\/wp-json\/wp\/v2\/tags?post=14206"},{"taxonomy":"brand","embeddable":true,"href":"https:\/\/projectofthemonth.ca\/fr\/wp-json\/wp\/v2\/brand?post=14206"},{"taxonomy":"topics","embeddable":true,"href":"https:\/\/projectofthemonth.ca\/fr\/wp-json\/wp\/v2\/topics?post=14206"}],"curies":[{"name":"wp","href":"https:\/\/api.w.org\/{rel}","templated":true}]}}