{"id":20557,"date":"2025-02-01T02:30:10","date_gmt":"2025-02-01T07:30:10","guid":{"rendered":"https:\/\/projectofthemonth.ca\/non-classifiee\/creez-un-espace-cafe\/"},"modified":"2025-03-01T08:56:35","modified_gmt":"2025-03-01T13:56:35","slug":"comment-creer-votre-espace-cafe-a-la-maison","status":"publish","type":"post","link":"https:\/\/projectofthemonth.ca\/fr\/projets-de-cuisine-et-de-salle-de-bain\/comment-creer-votre-espace-cafe-a-la-maison\/","title":{"rendered":"Comment cr\u00e9er votre espace caf\u00e9 \u00e0 la maison"},"content":{"rendered":"<p>Un espace caf\u00e9 d\u00e9sign\u00e9 chez vous est le r\u00eave de tout amateur de caf\u00e9. Il vous permet de jouer au barista pour votre famille et vos amis, tout en offrant une solution pratique pour regrouper tous vos accessoires li\u00e9s au caf\u00e9 au m\u00eame endroit. Une station caf\u00e9 \u00e0 domicile peut \u00eatre aussi simple qu&rsquo;une cafeti\u00e8re \u00e0 filtre pos\u00e9e sur un comptoir avec quelques tasses, ou aussi sophistiqu\u00e9e qu&rsquo;une machine \u00e0 caf\u00e9 haut de gamme int\u00e9gr\u00e9e avec un syst\u00e8me de filtration d&rsquo;eau.<\/p>\n<p>Il y a quelques \u00e9l\u00e9ments essentiels pour toute station caf\u00e9 : une source d&rsquo;alimentation, un acc\u00e8s \u00e0 l&rsquo;eau et du rangement. D\u00e9cidez de la mani\u00e8re dont vous voulez que votre station caf\u00e9 fonctionne. L&rsquo;am\u00e9nagement le plus populaire consiste \u00e0 placer la machine \u00e0 caf\u00e9 sur un comptoir, avec des armoires ferm\u00e9es en dessous pour le rangement et des \u00e9tag\u00e8res ouvertes exploitant l&rsquo;espace vertical au-dessus pour les tasses, verres et bocaux. Si vous n&rsquo;aimez pas voir la cafeti\u00e8re, vous pouvez envisager de la dissimuler dans un garage \u00e0 appareils ou d&rsquo;installer toute la station dans un garde-manger walk-in. L&rsquo;endroit le plus courant pour une station caf\u00e9 est la cuisine, mais pensez \u00e9galement \u00e0 d&rsquo;autres pi\u00e8ces de votre maison, comme la salle \u00e0 manger, la chambre principale ou un coin inutilis\u00e9 de votre salon.<\/p>\n<p>Si vous am\u00e9nagez un espace loin de la cuisine, vous pourriez vouloir inclure un mini-r\u00e9frig\u00e9rateur pour la conservation des boissons froides dans votre conception. \u00c9clairez votre station avec des lumi\u00e8res sous les armoires et sur les \u00e9tag\u00e8res ou avec un \u00e9clairage de travail directement au-dessus.<\/p>\n<p>Cr\u00e9er une station caf\u00e9 est une excellente fa\u00e7on d&rsquo;exploiter un espace inutilis\u00e9 dans votre maison. C&rsquo;est aussi une opportunit\u00e9 de la transformer en un \u00e9l\u00e9ment visuel refl\u00e9tant votre style personnel.<\/p>\n<p><img fetchpriority=\"high\" decoding=\"async\" class=\"aligncenter size-full wp-image-20428\" src=\"https:\/\/projectofthemonth.ca\/wp-content\/uploads\/2025\/01\/Coffee-station.jpg\" alt=\"\" width=\"1000\" height=\"1200\" srcset=\"https:\/\/projectofthemonth.ca\/wp-content\/uploads\/2025\/01\/Coffee-station.jpg 1000w, https:\/\/projectofthemonth.ca\/wp-content\/uploads\/2025\/01\/Coffee-station-250x300.jpg 250w, https:\/\/projectofthemonth.ca\/wp-content\/uploads\/2025\/01\/Coffee-station-853x1024.jpg 853w, https:\/\/projectofthemonth.ca\/wp-content\/uploads\/2025\/01\/Coffee-station-768x922.jpg 768w\" sizes=\"(max-width: 1000px) 100vw, 1000px\" \/><br \/>\n<span data-sheets-root=\"1\">Pr\u00eat \u00e0 cr\u00e9er votre espace caf\u00e9? Rendez-vous dans votre magasin <a href=\"www.timbermart.ca\/fr\" target=\"_blank\" rel=\"noopener\">local TIMBER MART<\/a> pour des conseils d&rsquo;experts et tous les mat\u00e9riaux n\u00e9cessaires \u00e0 la r\u00e9alisation d&rsquo;une station de caf\u00e9 sur mesure, parfaitement adapt\u00e9e au style de votre maison.<\/span><\/p>\n","protected":false},"excerpt":{"rendered":"<p>Un espace caf\u00e9 d\u00e9sign\u00e9 chez vous est le r\u00eave de tout amateur de caf\u00e9. Il vous permet de jouer au barista pour votre famille et vos amis, tout en offrant une solution pratique pour regrouper tous vos accessoires li\u00e9s au caf\u00e9 au m\u00eame endroit. Une station caf\u00e9 \u00e0 domicile peut \u00eatre aussi simple qu&rsquo;une cafeti\u00e8re &#8230; <a title=\"Comment cr\u00e9er votre espace caf\u00e9 \u00e0 la maison\" class=\"read-more\" href=\"https:\/\/projectofthemonth.ca\/fr\/projets-de-cuisine-et-de-salle-de-bain\/comment-creer-votre-espace-cafe-a-la-maison\/\" aria-label=\"En savoir plus sur Comment cr\u00e9er votre espace caf\u00e9 \u00e0 la maison\">Lire la suite<\/a><\/p>\n","protected":false},"author":2,"featured_media":20427,"comment_status":"closed","ping_status":"closed","sticky":false,"template":"","format":"standard","meta":{"cybocfi_hide_featured_image":"","footnotes":""},"categories":[392],"tags":[],"brand":[],"topics":[582],"class_list":["post-20557","post","type-post","status-publish","format-standard","has-post-thumbnail","hentry","category-projets-de-cuisine-et-de-salle-de-bain","topics-espace-cafe"],"aioseo_notices":[],"_links":{"self":[{"href":"https:\/\/projectofthemonth.ca\/fr\/wp-json\/wp\/v2\/posts\/20557","targetHints":{"allow":["GET"]}}],"collection":[{"href":"https:\/\/projectofthemonth.ca\/fr\/wp-json\/wp\/v2\/posts"}],"about":[{"href":"https:\/\/projectofthemonth.ca\/fr\/wp-json\/wp\/v2\/types\/post"}],"author":[{"embeddable":true,"href":"https:\/\/projectofthemonth.ca\/fr\/wp-json\/wp\/v2\/users\/2"}],"replies":[{"embeddable":true,"href":"https:\/\/projectofthemonth.ca\/fr\/wp-json\/wp\/v2\/comments?post=20557"}],"version-history":[{"count":0,"href":"https:\/\/projectofthemonth.ca\/fr\/wp-json\/wp\/v2\/posts\/20557\/revisions"}],"wp:featuredmedia":[{"embeddable":true,"href":"https:\/\/projectofthemonth.ca\/fr\/wp-json\/wp\/v2\/media\/20427"}],"wp:attachment":[{"href":"https:\/\/projectofthemonth.ca\/fr\/wp-json\/wp\/v2\/media?parent=20557"}],"wp:term":[{"taxonomy":"category","embeddable":true,"href":"https:\/\/projectofthemonth.ca\/fr\/wp-json\/wp\/v2\/categories?post=20557"},{"taxonomy":"post_tag","embeddable":true,"href":"https:\/\/projectofthemonth.ca\/fr\/wp-json\/wp\/v2\/tags?post=20557"},{"taxonomy":"brand","embeddable":true,"href":"https:\/\/projectofthemonth.ca\/fr\/wp-json\/wp\/v2\/brand?post=20557"},{"taxonomy":"topics","embeddable":true,"href":"https:\/\/projectofthemonth.ca\/fr\/wp-json\/wp\/v2\/topics?post=20557"}],"curies":[{"name":"wp","href":"https:\/\/api.w.org\/{rel}","templated":true}]}}